{"id":7224,"date":"2026-08-31T16:21:09","date_gmt":"2026-08-31T14:21:09","guid":{"rendered":"https:\/\/emission.salle101.org\/?p=7224"},"modified":"2026-08-31T16:21:35","modified_gmt":"2026-08-31T14:21:35","slug":"ton-attention-sil-te-plait-6","status":"publish","type":"post","link":"https:\/\/emission.salle101.org\/?p=7224","title":{"rendered":"Ton attention s&rsquo;il te pla\u00eet"},"content":{"rendered":"<p style=\"text-align: justify;\">[\u2026] Attention, attention, la <strong>Salle 101<\/strong> repart \u00e0 l&rsquo;assaut de la culture le <strong>mardi 1er septembre<\/strong> \u00e0 partir de <strong>19h30<\/strong>, mais suite aux pressions exerc\u00e9es par le minist\u00e8re de l&rsquo;int\u00e9rieur, l&rsquo;enregistrement n&rsquo;aura plus jamais lieu au Bouillon (qui a d&rsquo;ailleurs ferm\u00e9). Cons\u00e9quemment, c&rsquo;est la librairie <strong>La Dimension Fantastique<\/strong> qui accueille la <strong>Salle 101 SDF<\/strong> pour tout le mois de septembre, au 60 rue de Chabrol, Paris 10. <strong>Note-le bien et \u00e0 mardi !<\/strong><\/p>\n<p><img loading=\"lazy\" decoding=\"async\" class=\"size-medium wp-image-7225 aligncenter\" src=\"https:\/\/emission.salle101.org\/wp-content\/uploads\/2026\/08\/Capture-decran-2026-08-31-a-16.17.20-257x300.png\" alt=\"\" width=\"257\" height=\"300\" srcset=\"https:\/\/emission.salle101.org\/wp-content\/uploads\/2026\/08\/Capture-decran-2026-08-31-a-16.17.20-257x300.png 257w, https:\/\/emission.salle101.org\/wp-content\/uploads\/2026\/08\/Capture-decran-2026-08-31-a-16.17.20.png 410w\" sizes=\"auto, (max-width: 257px) 100vw, 257px\" \/><\/p>\n","protected":false},"excerpt":{"rendered":"<p>[\u2026] Attention, attention, la Salle 101 repart \u00e0 l&rsquo;assaut de la culture le mardi 1er septembre \u00e0 partir de 19h30, mais suite aux pressions exerc\u00e9es par le minist\u00e8re de l&rsquo;int\u00e9rieur, l&rsquo;enregistrement n&rsquo;aura plus jamais lieu au Bouillon (qui a d&rsquo;ailleurs ferm\u00e9). Cons\u00e9quemment, c&rsquo;est la librairie La Dimension Fantastique qui accueille la Salle 101 SDF pour [&hellip;]<\/p>\n","protected":false},"author":1,"featured_media":0,"comment_status":"open","ping_status":"open","sticky":false,"template":"","format":"standard","meta":{"footnotes":""},"categories":[2,6,7],"tags":[],"class_list":["post-7224","post","type-post","status-publish","format-standard","hentry","category-bientot","category-rien-a-voir","category-struggle"],"_links":{"self":[{"href":"https:\/\/emission.salle101.org\/index.php?rest_route=\/wp\/v2\/posts\/7224","targetHints":{"allow":["GET"]}}],"collection":[{"href":"https:\/\/emission.salle101.org\/index.php?rest_route=\/wp\/v2\/posts"}],"about":[{"href":"https:\/\/emission.salle101.org\/index.php?rest_route=\/wp\/v2\/types\/post"}],"author":[{"embeddable":true,"href":"https:\/\/emission.salle101.org\/index.php?rest_route=\/wp\/v2\/users\/1"}],"replies":[{"embeddable":true,"href":"https:\/\/emission.salle101.org\/index.php?rest_route=%2Fwp%2Fv2%2Fcomments&post=7224"}],"version-history":[{"count":2,"href":"https:\/\/emission.salle101.org\/index.php?rest_route=\/wp\/v2\/posts\/7224\/revisions"}],"predecessor-version":[{"id":7227,"href":"https:\/\/emission.salle101.org\/index.php?rest_route=\/wp\/v2\/posts\/7224\/revisions\/7227"}],"wp:attachment":[{"href":"https:\/\/emission.salle101.org\/index.php?rest_route=%2Fwp%2Fv2%2Fmedia&parent=7224"}],"wp:term":[{"taxonomy":"category","embeddable":true,"href":"https:\/\/emission.salle101.org\/index.php?rest_route=%2Fwp%2Fv2%2Fcategories&post=7224"},{"taxonomy":"post_tag","embeddable":true,"href":"https:\/\/emission.salle101.org\/index.php?rest_route=%2Fwp%2Fv2%2Ftags&post=7224"}],"curies":[{"name":"wp","href":"https:\/\/api.w.org\/{rel}","templated":true}]}}