{"id":7037,"date":"2025-06-03T21:54:57","date_gmt":"2025-06-03T19:54:57","guid":{"rendered":"https:\/\/emission.salle101.org\/?p=7037"},"modified":"2025-06-04T18:48:46","modified_gmt":"2025-06-04T16:48:46","slug":"le-prix-moyen-de-la-salle-101","status":"publish","type":"post","link":"https:\/\/emission.salle101.org\/?p=7037","title":{"rendered":"Le prix Moyen de la Salle 101"},"content":{"rendered":"<p style=\"text-align: justify;\">[\u2026] Plaisir, joie et bonheur\u00a0! Hurlements, danse et partouze avec <strong>Michel Drucker<\/strong>\u00a0! Pour conclure cette 22e\u00a0saison en beaut\u00e9, la <strong>Salle\u00a0101<\/strong> sort le grand jeu et lance son premier prix litt\u00e9raire\u00a0! Mais attention, halte-l\u00e0, <strong>la famille Abdaloff<\/strong> ne s\u2019int\u00e9resse ni au meilleur, ni au pire, non, elle r\u00e9compense cette \u0153uvre qui aurait pu \u00eatre excellente ou nulle, cette \u0153uvre coinc\u00e9e dans la grisaille de l\u2019entre-deux, cette \u0153uvre sympathique qui s\u2019efface d\u00e9j\u00e0 de ta m\u00e9moire, \u00e0 peine la derni\u00e8re page tourn\u00e9e, cette \u0153uvre qui a vis\u00e9 le ciel sans jamais d\u00e9passer le troisi\u00e8me \u00e9tage.<\/p>\n<p style=\"text-align: justify;\">Oui, public d\u2019amour, oui, tu l\u2019auras compris, la <strong>Salle\u00a0101<\/strong> lance le <span style=\"color: #ff6600;\"><strong><em>Prix Moyen<\/em><\/strong>\u00a0<em><strong>!<\/strong><\/em><\/span><\/p>\n<p style=\"text-align: justify;\">\u00c0 l\u2019heure o\u00f9 seul le triomphe compte, \u00e0 l\u2019heure o\u00f9 les puissants \u00e9crasent les faibles avec une ardeur renouvel\u00e9e, il nous semble important de soutenir ces autrices et auteurs qui en veulent, ces gens qui voudraient deviser dans la matinale de France Inter, \u00e9chapper aux tristes tables rondes des <strong>Utopiales<\/strong>, fuir les membres libidineux du <strong>GPI<\/strong> qui cherchent \u00e0 leur faire la bise, qui voudraient conna\u00eetre le vrai monde, mais qui pour l\u2019instant, il faut l\u2019admettre, ont \u00e9chou\u00e9.<\/p>\n<p style=\"text-align: justify;\">La<strong> Salle\u00a0101<\/strong> te propose donc de voter pour le livre moyen, le livre bof, le livre pas mal, le livre qui casse pas trois pattes \u00e0 un canard mais qui se laisse lire, le livre sans plus.<\/p>\n<p><strong>Fonctionnement du <span style=\"color: #ff6600;\">Prix Moyen<\/span> 2025 de la Salle 101<\/strong><\/p>\n<p>Premier tour, tu votes tout d\u2019abord pour une \u0153uvre chroniqu\u00e9e durant la saison 2024-2025 par <strong>la famille Abdaloff<\/strong>. Pour cela, il te suffit de cliquer <span style=\"color: #ff0000;\"><a style=\"color: #ff0000;\" href=\"https:\/\/discord.gg\/2mXh4tYWQd\" target=\"_blank\" rel=\"noopener\"><b>ICI<\/b><\/a><\/span>, o\u00f9 tu d\u00e9couvriras notre serveur Discord et l\u2019ensemble des livres en question. Ensuite, c\u2019est tr\u00e8s simple, tu d\u00e9cernes des \u00e9toiles.<\/p>\n<p><b>Six \u00e9toiles = chef d\u2019\u0153uvre inestimable et ind\u00e9passable. Une \u00e9toile = un peu naze quand m\u00eame, voire tout pourri<\/b>.<\/p>\n<p>Note que tu as \u00e9galement la possibilit\u00e9 de t\u2019abstenir. Nul besoin d\u2019avoir lu tous ces titres, nul besoin de les avoir termin\u00e9s, leur r\u00e9putation suffira pour t\u2019aiguiller. Tu as jusqu&rsquo;au <b>15 juin, 23h59<\/b> pour voter pour le premier tour.<\/p>\n<p>Second tour.\u00a0Une fois la premi\u00e8re \u00e9tape termin\u00e9e, la shortlist des sept meilleurs moyens sera annonc\u00e9e. Le second tour d\u00e9bute le 17 juin, et l\u00e0 tu votes pour le meilleur des moyens. Ou le pire des moyens, enfin, tu as saisi, quoi. Tu auras jusqu&rsquo;au <b>29 juin, 23h59<\/b>.<\/p>\n<p><strong>Annonces des r\u00e9sultats<\/strong><\/p>\n<p>Une fois comptabilis\u00e9e la totalit\u00e9 des votes, le ou la laur\u00e9ate du premier <span style=\"color: #ff6600;\"><strong>Prix Moyen de la Salle 101<\/strong><\/span> sera annonc\u00e9-e lors de l\u2019enregistrement public de la derni\u00e8re \u00e9mission de la saison, le <b>mardi 1er juillet<\/b>. Il y sera servi du mousseux milieu de gamme et des mignardises premier prix, pour c\u00e9l\u00e9brer l\u2019\u00e9v\u00e9nement comme il se doit.<\/p>\n<p><i>\u00ab\u00a0Nan mais je kompran pas\u00a0\u00bb,\u00a0<\/i>g\u00e9mit un blogueur apolitique.<\/p>\n<p><img loading=\"lazy\" decoding=\"async\" class=\"size-medium wp-image-7038 aligncenter\" src=\"https:\/\/emission.salle101.org\/wp-content\/uploads\/2025\/06\/ankule-300x170.jpg\" alt=\"\" width=\"300\" height=\"170\" srcset=\"https:\/\/emission.salle101.org\/wp-content\/uploads\/2025\/06\/ankule-300x170.jpg 300w, https:\/\/emission.salle101.org\/wp-content\/uploads\/2025\/06\/ankule.jpg 400w\" sizes=\"auto, (max-width: 300px) 100vw, 300px\" \/><\/p>\n<p>&nbsp;<\/p>\n","protected":false},"excerpt":{"rendered":"<p>[\u2026] Plaisir, joie et bonheur\u00a0! Hurlements, danse et partouze avec Michel Drucker\u00a0! Pour conclure cette 22e\u00a0saison en beaut\u00e9, la Salle\u00a0101 sort le grand jeu et lance son premier prix litt\u00e9raire\u00a0! Mais attention, halte-l\u00e0, la famille Abdaloff ne s\u2019int\u00e9resse ni au meilleur, ni au pire, non, elle r\u00e9compense cette \u0153uvre qui aurait pu \u00eatre excellente ou [&hellip;]<\/p>\n","protected":false},"author":1,"featured_media":0,"comment_status":"open","ping_status":"open","sticky":false,"template":"","format":"standard","meta":{"footnotes":""},"categories":[2,5,7],"tags":[],"class_list":["post-7037","post","type-post","status-publish","format-standard","hentry","category-bientot","category-nouveau","category-struggle"],"_links":{"self":[{"href":"https:\/\/emission.salle101.org\/index.php?rest_route=\/wp\/v2\/posts\/7037","targetHints":{"allow":["GET"]}}],"collection":[{"href":"https:\/\/emission.salle101.org\/index.php?rest_route=\/wp\/v2\/posts"}],"about":[{"href":"https:\/\/emission.salle101.org\/index.php?rest_route=\/wp\/v2\/types\/post"}],"author":[{"embeddable":true,"href":"https:\/\/emission.salle101.org\/index.php?rest_route=\/wp\/v2\/users\/1"}],"replies":[{"embeddable":true,"href":"https:\/\/emission.salle101.org\/index.php?rest_route=%2Fwp%2Fv2%2Fcomments&post=7037"}],"version-history":[{"count":4,"href":"https:\/\/emission.salle101.org\/index.php?rest_route=\/wp\/v2\/posts\/7037\/revisions"}],"predecessor-version":[{"id":7042,"href":"https:\/\/emission.salle101.org\/index.php?rest_route=\/wp\/v2\/posts\/7037\/revisions\/7042"}],"wp:attachment":[{"href":"https:\/\/emission.salle101.org\/index.php?rest_route=%2Fwp%2Fv2%2Fmedia&parent=7037"}],"wp:term":[{"taxonomy":"category","embeddable":true,"href":"https:\/\/emission.salle101.org\/index.php?rest_route=%2Fwp%2Fv2%2Fcategories&post=7037"},{"taxonomy":"post_tag","embeddable":true,"href":"https:\/\/emission.salle101.org\/index.php?rest_route=%2Fwp%2Fv2%2Ftags&post=7037"}],"curies":[{"name":"wp","href":"https:\/\/api.w.org\/{rel}","templated":true}]}}