{"id":6006,"date":"2015-07-16T00:00:00","date_gmt":"2015-07-15T22:00:00","guid":{"rendered":"https:\/\/test.salle101.org\/?p=6006"},"modified":"2015-07-16T00:00:00","modified_gmt":"2015-07-15T22:00:00","slug":"1381","status":"publish","type":"post","link":"https:\/\/emission.salle101.org\/?p=6006","title":{"rendered":"L\u2019\u00e9mission du jeudi 16 juillet 2015"},"content":{"rendered":"<p style=\"text-align: justify;\">[&#8230;] Pour la derni\u00e8re \u00e9mission de l\u2019ann\u00e9e, la <strong>Salle 101 <\/strong>se d\u00e9shabille int\u00e9gralement pour mieux te parler des <strong><em>Mille et unes fa\u00e7ons de quitter la Moldavie<\/em><\/strong>, par <strong>Vladimir Lortchenkov<\/strong>, <strong><em>Coupable vous \u00eates<\/em><\/strong>, par&nbsp;<strong>Lorenzo Lunar<\/strong> et <em><strong>Talk-show<\/strong><\/em>, par <strong>Fabcaro<\/strong>. <strong><span style=\"color: #ff0000;\"><a href=\"http:\/\/www.frenchcockpit.com\/salle101\/salle101-16-07-2015.mp3\" target=\"_blank\" rel=\"noopener\">Entasse-toi bien sur les plages<\/a><\/span><\/strong>.<\/p>\n<p style=\"text-align: justify;\"><em>\u00ab&nbsp;Rendez-vous le mardi 1er&nbsp;septembre pour&nbsp;l\u2019enregistrement et le jeudi 3 septembre pour la diffusion&nbsp;\u00bb, nous signale Jean-Patrick P.<\/em><\/p>\n<p style=\"text-align: justify;\"><em><img loading=\"lazy\" decoding=\"async\" class=\"aligncenter size-full wp-image-1382\" style=\"border: 1px solid black;\" title=\"youpi\" src=\"https:\/\/test.salle101.org\/wp-content\/uploads\/2021\/12\/youpi.jpg\" alt=\"\" width=\"400\" height=\"267\"><br \/>\n<\/em><\/p>\n","protected":false},"excerpt":{"rendered":"<p>[&#8230;] Pour la derni\u00e8re \u00e9mission de l\u2019ann\u00e9e, la Salle 101 se d\u00e9shabille int\u00e9gralement pour mieux te parler des Mille et unes fa\u00e7ons de quitter la Moldavie, par Vladimir Lortchenkov, Coupable vous \u00eates, par&nbsp;Lorenzo Lunar et Talk-show, par Fabcaro. Entasse-toi bien sur les plages. \u00ab&nbsp;Rendez-vous le mardi 1er&nbsp;septembre pour&nbsp;l\u2019enregistrement et le jeudi 3 septembre pour la [&hellip;]<\/p>\n","protected":false},"author":1,"featured_media":0,"comment_status":"open","ping_status":"open","sticky":false,"template":"","format":"standard","meta":{"footnotes":""},"categories":[3],"tags":[],"class_list":["post-6006","post","type-post","status-publish","format-standard","hentry","category-on-air"],"_links":{"self":[{"href":"https:\/\/emission.salle101.org\/index.php?rest_route=\/wp\/v2\/posts\/6006","targetHints":{"allow":["GET"]}}],"collection":[{"href":"https:\/\/emission.salle101.org\/index.php?rest_route=\/wp\/v2\/posts"}],"about":[{"href":"https:\/\/emission.salle101.org\/index.php?rest_route=\/wp\/v2\/types\/post"}],"author":[{"embeddable":true,"href":"https:\/\/emission.salle101.org\/index.php?rest_route=\/wp\/v2\/users\/1"}],"replies":[{"embeddable":true,"href":"https:\/\/emission.salle101.org\/index.php?rest_route=%2Fwp%2Fv2%2Fcomments&post=6006"}],"version-history":[{"count":0,"href":"https:\/\/emission.salle101.org\/index.php?rest_route=\/wp\/v2\/posts\/6006\/revisions"}],"wp:attachment":[{"href":"https:\/\/emission.salle101.org\/index.php?rest_route=%2Fwp%2Fv2%2Fmedia&parent=6006"}],"wp:term":[{"taxonomy":"category","embeddable":true,"href":"https:\/\/emission.salle101.org\/index.php?rest_route=%2Fwp%2Fv2%2Fcategories&post=6006"},{"taxonomy":"post_tag","embeddable":true,"href":"https:\/\/emission.salle101.org\/index.php?rest_route=%2Fwp%2Fv2%2Ftags&post=6006"}],"curies":[{"name":"wp","href":"https:\/\/api.w.org\/{rel}","templated":true}]}}