{"id":5905,"date":"2013-03-04T00:00:00","date_gmt":"2013-03-03T23:00:00","guid":{"rendered":"https:\/\/test.salle101.org\/?p=5905"},"modified":"2023-06-11T18:51:44","modified_gmt":"2023-06-11T16:51:44","slug":"982","status":"publish","type":"post","link":"https:\/\/emission.salle101.org\/?p=5905","title":{"rendered":"L\u2019\u00e9mission du jeudi 28 f\u00e9vrier 2012"},"content":{"rendered":"<p style=\"text-align: justify;\">[&#8230;] pour pallier \u00e0 l\u2019absence de la semaine derni\u00e8re (oui, une \u00e9mission enti\u00e8rement originale a \u00e9t\u00e9 diffus\u00e9e le jeudi 21 f\u00e9vrier, non, elle ne sera pas disponible en t\u00e9l\u00e9chargement, fallait allumer le poste de radio, les enfants), la<strong> Salle 101<\/strong> se coupe les cheveux en quatre, public, pour t\u2019offrir du cin\u00e9ma serbe (<em><strong>la Parade<\/strong><\/em>) et une double dose de <strong>L\u00e9o Henry<\/strong> (<strong><em>Le diable est au piano<\/em><\/strong> et <strong><em>Tadj\u00e9l\u00e9<\/em><\/strong> \u2013 co-\u00e9crit avec <strong>Mucchielli<\/strong>, <strong>Kloetzer<\/strong> et <strong>Perger<\/strong>). <strong><span style=\"color: #ff0000;\"><a href=\"http:\/\/www.frenchcockpit.com\/salle101\/salle101-28-02-2013.mp3\" target=\"_blank\" rel=\"noopener\">Hurlements en faveur de Sade<\/a><\/span><\/strong>.<\/p>\n<p><em>\u00ab&nbsp;Honn\u00eatement, sans le nucl\u00e9aire, on l\u2019a dans le cul&nbsp;\u00bb<\/em>, nous confirme Pierre P.<\/p>\n<p><em><img loading=\"lazy\" decoding=\"async\" class=\"aligncenter size-full wp-image-983\" style=\"border: 1px solid black;\" title=\"P1040893\" src=\"https:\/\/test.salle101.org\/wp-content\/uploads\/2021\/12\/P1040893.jpg\" alt=\"\" width=\"400\" height=\"267\"><br \/>\n<\/em><\/p>\n","protected":false},"excerpt":{"rendered":"<p>[&#8230;] pour pallier \u00e0 l\u2019absence de la semaine derni\u00e8re (oui, une \u00e9mission enti\u00e8rement originale a \u00e9t\u00e9 diffus\u00e9e le jeudi 21 f\u00e9vrier, non, elle ne sera pas disponible en t\u00e9l\u00e9chargement, fallait allumer le poste de radio, les enfants), la Salle 101 se coupe les cheveux en quatre, public, pour t\u2019offrir du cin\u00e9ma serbe (la Parade) et [&hellip;]<\/p>\n","protected":false},"author":1,"featured_media":0,"comment_status":"open","ping_status":"open","sticky":false,"template":"","format":"standard","meta":{"footnotes":""},"categories":[3],"tags":[],"class_list":["post-5905","post","type-post","status-publish","format-standard","hentry","category-on-air"],"_links":{"self":[{"href":"https:\/\/emission.salle101.org\/index.php?rest_route=\/wp\/v2\/posts\/5905","targetHints":{"allow":["GET"]}}],"collection":[{"href":"https:\/\/emission.salle101.org\/index.php?rest_route=\/wp\/v2\/posts"}],"about":[{"href":"https:\/\/emission.salle101.org\/index.php?rest_route=\/wp\/v2\/types\/post"}],"author":[{"embeddable":true,"href":"https:\/\/emission.salle101.org\/index.php?rest_route=\/wp\/v2\/users\/1"}],"replies":[{"embeddable":true,"href":"https:\/\/emission.salle101.org\/index.php?rest_route=%2Fwp%2Fv2%2Fcomments&post=5905"}],"version-history":[{"count":1,"href":"https:\/\/emission.salle101.org\/index.php?rest_route=\/wp\/v2\/posts\/5905\/revisions"}],"predecessor-version":[{"id":6648,"href":"https:\/\/emission.salle101.org\/index.php?rest_route=\/wp\/v2\/posts\/5905\/revisions\/6648"}],"wp:attachment":[{"href":"https:\/\/emission.salle101.org\/index.php?rest_route=%2Fwp%2Fv2%2Fmedia&parent=5905"}],"wp:term":[{"taxonomy":"category","embeddable":true,"href":"https:\/\/emission.salle101.org\/index.php?rest_route=%2Fwp%2Fv2%2Fcategories&post=5905"},{"taxonomy":"post_tag","embeddable":true,"href":"https:\/\/emission.salle101.org\/index.php?rest_route=%2Fwp%2Fv2%2Ftags&post=5905"}],"curies":[{"name":"wp","href":"https:\/\/api.w.org\/{rel}","templated":true}]}}