{"id":5900,"date":"2013-10-22T00:00:00","date_gmt":"2013-10-21T22:00:00","guid":{"rendered":"https:\/\/test.salle101.org\/?p=5900"},"modified":"2023-06-11T18:52:39","modified_gmt":"2023-06-11T16:52:39","slug":"1062","status":"publish","type":"post","link":"https:\/\/emission.salle101.org\/?p=5900","title":{"rendered":"L\u2019\u00e9mission du jeudi 17 octobre 2013"},"content":{"rendered":"<p style=\"text-align: justify;\">[&#8230;] Bien contente d\u2019aller au Kosovo cueillir des champignons dans un environnement pittoresque, la <strong>Salle 101<\/strong> h\u00e9site \u00e0 retourner dans les branches, mais pr\u00e9f\u00e8re t\u2019entretenir de choses fondamentales pour une existence saine et virile :&nbsp;<strong><em>Bel\u00e9m<\/em><\/strong>, d\u2019<strong>Edyr Augusto<\/strong>, <strong><em>La fin de l\u2019homme rouge<\/em><\/strong>, de <strong>Svetlana Alexievitch<\/strong>, <em style=\"font-weight: bold;\">Les insulaires<\/em>, de <strong>Christopher Priest<\/strong>. <span style=\"color: #ff0000;\"><strong><a href=\"http:\/\/www.frenchcockpit.com\/salle101\/salle101-17-10-2013.mp3\" target=\"_blank\" rel=\"noopener\">Alors s\u2019il te pla\u00eet, hein<\/a><\/strong><\/span>.<\/p>\n<p style=\"text-align: justify;\"><em>\u00ab&nbsp;La culture, c\u2019est important&nbsp;\u00bb<\/em>, nous rappelle Jean-Didier M.<\/p>\n<p style=\"text-align: justify;\"><img loading=\"lazy\" decoding=\"async\" class=\"aligncenter size-full wp-image-1063\" style=\"border: 1px solid black;\" title=\"machins0136\" src=\"https:\/\/test.salle101.org\/wp-content\/uploads\/2021\/12\/machins0136.jpg\" alt=\"\" width=\"400\" height=\"267\"><\/p>\n<p style=\"text-align: justify;\">\n","protected":false},"excerpt":{"rendered":"<p>[&#8230;] Bien contente d\u2019aller au Kosovo cueillir des champignons dans un environnement pittoresque, la Salle 101 h\u00e9site \u00e0 retourner dans les branches, mais pr\u00e9f\u00e8re t\u2019entretenir de choses fondamentales pour une existence saine et virile :&nbsp;Bel\u00e9m, d\u2019Edyr Augusto, La fin de l\u2019homme rouge, de Svetlana Alexievitch, Les insulaires, de Christopher Priest. Alors s\u2019il te pla\u00eet, hein. [&hellip;]<\/p>\n","protected":false},"author":1,"featured_media":0,"comment_status":"open","ping_status":"open","sticky":false,"template":"","format":"standard","meta":{"footnotes":""},"categories":[3],"tags":[],"class_list":["post-5900","post","type-post","status-publish","format-standard","hentry","category-on-air"],"_links":{"self":[{"href":"https:\/\/emission.salle101.org\/index.php?rest_route=\/wp\/v2\/posts\/5900","targetHints":{"allow":["GET"]}}],"collection":[{"href":"https:\/\/emission.salle101.org\/index.php?rest_route=\/wp\/v2\/posts"}],"about":[{"href":"https:\/\/emission.salle101.org\/index.php?rest_route=\/wp\/v2\/types\/post"}],"author":[{"embeddable":true,"href":"https:\/\/emission.salle101.org\/index.php?rest_route=\/wp\/v2\/users\/1"}],"replies":[{"embeddable":true,"href":"https:\/\/emission.salle101.org\/index.php?rest_route=%2Fwp%2Fv2%2Fcomments&post=5900"}],"version-history":[{"count":1,"href":"https:\/\/emission.salle101.org\/index.php?rest_route=\/wp\/v2\/posts\/5900\/revisions"}],"predecessor-version":[{"id":6666,"href":"https:\/\/emission.salle101.org\/index.php?rest_route=\/wp\/v2\/posts\/5900\/revisions\/6666"}],"wp:attachment":[{"href":"https:\/\/emission.salle101.org\/index.php?rest_route=%2Fwp%2Fv2%2Fmedia&parent=5900"}],"wp:term":[{"taxonomy":"category","embeddable":true,"href":"https:\/\/emission.salle101.org\/index.php?rest_route=%2Fwp%2Fv2%2Fcategories&post=5900"},{"taxonomy":"post_tag","embeddable":true,"href":"https:\/\/emission.salle101.org\/index.php?rest_route=%2Fwp%2Fv2%2Ftags&post=5900"}],"curies":[{"name":"wp","href":"https:\/\/api.w.org\/{rel}","templated":true}]}}