{"id":5563,"date":"2012-06-25T00:00:00","date_gmt":"2012-06-24T22:00:00","guid":{"rendered":"https:\/\/test.salle101.org\/?p=5563"},"modified":"2012-06-25T00:00:00","modified_gmt":"2012-06-24T22:00:00","slug":"882","status":"publish","type":"post","link":"https:\/\/emission.salle101.org\/?p=5563","title":{"rendered":"L\u2019\u00e9mission du jeudi 21 juin 2012"},"content":{"rendered":"<p style=\"text-align: justify;\">[&#8230;] D\u00e9cid\u00e9ment pro-<strong>Nadine Morano<\/strong>, la <strong>Salle 101 <\/strong>partage ses valeurs et parle de choses dignes et belles : <em><strong>Prom\u00e9theus<\/strong><\/em>, film [?] de <strong>Ridley Scott<\/strong>, <em><strong>Idoles<\/strong><\/em>, de <strong>Gabella <\/strong>et <strong>Emem<\/strong>, et de <strong><em>Lorna<\/em><\/strong>, de <strong>Br\u00fcno<\/strong>. <strong><span style=\"color: #ff0000;\"><a href=\"http:\/\/www.frenchcockpit.com\/salle101\/salle101-21-06-2012.mp3\" target=\"_blank\" rel=\"noopener\">Fou, non ?<\/a><\/span><\/strong><\/p>\n<p><em>\u00ab&nbsp;Mais je vais habiter o\u00f9, maintenant ?&nbsp;\u00bb se lamente Fran\u00e7ois F.<\/em><\/p>\n<p><em><img loading=\"lazy\" decoding=\"async\" class=\"aligncenter size-full wp-image-883\" style=\"border: 1px solid black;\" title=\"2\" src=\"https:\/\/test.salle101.org\/wp-content\/uploads\/2021\/12\/2.jpg\" alt=\"\" width=\"400\" height=\"267\"><br \/>\n<\/em><\/p>\n","protected":false},"excerpt":{"rendered":"<p>[&#8230;] D\u00e9cid\u00e9ment pro-Nadine Morano, la Salle 101 partage ses valeurs et parle de choses dignes et belles : Prom\u00e9theus, film [?] de Ridley Scott, Idoles, de Gabella et Emem, et de Lorna, de Br\u00fcno. Fou, non ? \u00ab&nbsp;Mais je vais habiter o\u00f9, maintenant ?&nbsp;\u00bb se lamente Fran\u00e7ois F.<\/p>\n","protected":false},"author":1,"featured_media":0,"comment_status":"open","ping_status":"open","sticky":false,"template":"","format":"standard","meta":{"footnotes":""},"categories":[3],"tags":[],"class_list":["post-5563","post","type-post","status-publish","format-standard","hentry","category-on-air"],"_links":{"self":[{"href":"https:\/\/emission.salle101.org\/index.php?rest_route=\/wp\/v2\/posts\/5563","targetHints":{"allow":["GET"]}}],"collection":[{"href":"https:\/\/emission.salle101.org\/index.php?rest_route=\/wp\/v2\/posts"}],"about":[{"href":"https:\/\/emission.salle101.org\/index.php?rest_route=\/wp\/v2\/types\/post"}],"author":[{"embeddable":true,"href":"https:\/\/emission.salle101.org\/index.php?rest_route=\/wp\/v2\/users\/1"}],"replies":[{"embeddable":true,"href":"https:\/\/emission.salle101.org\/index.php?rest_route=%2Fwp%2Fv2%2Fcomments&post=5563"}],"version-history":[{"count":0,"href":"https:\/\/emission.salle101.org\/index.php?rest_route=\/wp\/v2\/posts\/5563\/revisions"}],"wp:attachment":[{"href":"https:\/\/emission.salle101.org\/index.php?rest_route=%2Fwp%2Fv2%2Fmedia&parent=5563"}],"wp:term":[{"taxonomy":"category","embeddable":true,"href":"https:\/\/emission.salle101.org\/index.php?rest_route=%2Fwp%2Fv2%2Fcategories&post=5563"},{"taxonomy":"post_tag","embeddable":true,"href":"https:\/\/emission.salle101.org\/index.php?rest_route=%2Fwp%2Fv2%2Ftags&post=5563"}],"curies":[{"name":"wp","href":"https:\/\/api.w.org\/{rel}","templated":true}]}}