{"id":5531,"date":"2015-06-23T00:00:00","date_gmt":"2015-06-22T22:00:00","guid":{"rendered":"https:\/\/test.salle101.org\/?p=5531"},"modified":"2015-06-23T00:00:00","modified_gmt":"2015-06-22T22:00:00","slug":"1364","status":"publish","type":"post","link":"https:\/\/emission.salle101.org\/?p=5531","title":{"rendered":"L\u2019\u00e9mission du jeudi 4 juin 2015"},"content":{"rendered":"<p style=\"text-align: justify;\">[&#8230;] v\u00e9ritable mur intellectuel \u00e9rig\u00e9 au sommet de l\u2019intelligence pour emp\u00eacher l\u2019afflux incontr\u00f4lable des m\u00e9t\u00e8ques de la pens\u00e9e, la <strong>Salle 101<\/strong> ouvre les vannes de la guerre humanitaire, crache sur <strong><em>L\u2019\u00e9chiquier du mal<\/em><\/strong>, d\u2019un certain <strong>Dan Simmons<\/strong>, mais en profite aussi pour louer la bande-dessin\u00e9e japonaise et l\u2019\u00e9diteur <strong>Le L\u00e9zard Noir<\/strong>. <span style=\"color: #ff0000;\"><strong><a href=\"http:\/\/www.frenchcockpit.com\/salle101\/salle101-04-06-2015.mp3\" target=\"_blank\" rel=\"noopener\">Alors, toujours \u00e0 te plaindre ?<\/a><\/strong><\/span><\/p>\n<p style=\"text-align: justify;\"><em>\u00ab&nbsp;Ben tu vois, je regrette pas d\u2019avoir achet\u00e9 le dernier Bifrost&nbsp;\u00bb<\/em>, clame Jean-Fran\u00e7ois C.<\/p>\n<p style=\"text-align: justify;\"><em><img loading=\"lazy\" decoding=\"async\" class=\"aligncenter size-full wp-image-1366\" style=\"border: 1px solid black;\" title=\"olivier.paquet\" src=\"https:\/\/test.salle101.org\/wp-content\/uploads\/2021\/12\/olivier.paquet.jpg\" alt=\"\" width=\"400\" height=\"267\"><br \/>\n<\/em><\/p>\n","protected":false},"excerpt":{"rendered":"<p>[&#8230;] v\u00e9ritable mur intellectuel \u00e9rig\u00e9 au sommet de l\u2019intelligence pour emp\u00eacher l\u2019afflux incontr\u00f4lable des m\u00e9t\u00e8ques de la pens\u00e9e, la Salle 101 ouvre les vannes de la guerre humanitaire, crache sur L\u2019\u00e9chiquier du mal, d\u2019un certain Dan Simmons, mais en profite aussi pour louer la bande-dessin\u00e9e japonaise et l\u2019\u00e9diteur Le L\u00e9zard Noir. Alors, toujours \u00e0 te [&hellip;]<\/p>\n","protected":false},"author":1,"featured_media":0,"comment_status":"open","ping_status":"open","sticky":false,"template":"","format":"standard","meta":{"footnotes":""},"categories":[3],"tags":[],"class_list":["post-5531","post","type-post","status-publish","format-standard","hentry","category-on-air"],"_links":{"self":[{"href":"https:\/\/emission.salle101.org\/index.php?rest_route=\/wp\/v2\/posts\/5531","targetHints":{"allow":["GET"]}}],"collection":[{"href":"https:\/\/emission.salle101.org\/index.php?rest_route=\/wp\/v2\/posts"}],"about":[{"href":"https:\/\/emission.salle101.org\/index.php?rest_route=\/wp\/v2\/types\/post"}],"author":[{"embeddable":true,"href":"https:\/\/emission.salle101.org\/index.php?rest_route=\/wp\/v2\/users\/1"}],"replies":[{"embeddable":true,"href":"https:\/\/emission.salle101.org\/index.php?rest_route=%2Fwp%2Fv2%2Fcomments&post=5531"}],"version-history":[{"count":0,"href":"https:\/\/emission.salle101.org\/index.php?rest_route=\/wp\/v2\/posts\/5531\/revisions"}],"wp:attachment":[{"href":"https:\/\/emission.salle101.org\/index.php?rest_route=%2Fwp%2Fv2%2Fmedia&parent=5531"}],"wp:term":[{"taxonomy":"category","embeddable":true,"href":"https:\/\/emission.salle101.org\/index.php?rest_route=%2Fwp%2Fv2%2Fcategories&post=5531"},{"taxonomy":"post_tag","embeddable":true,"href":"https:\/\/emission.salle101.org\/index.php?rest_route=%2Fwp%2Fv2%2Ftags&post=5531"}],"curies":[{"name":"wp","href":"https:\/\/api.w.org\/{rel}","templated":true}]}}